{"id":2621,"date":"2026-08-11T09:36:39","date_gmt":"2026-08-11T08:36:39","guid":{"rendered":"https:\/\/labaells.cat\/finaliza-la-primera-fase-de-los-estudios-geotecnicos-de-campo-de-la-futura-central-hidroelectrica-reversible-de-la-baells\/"},"modified":"2026-08-11T09:36:39","modified_gmt":"2026-08-11T08:36:39","slug":"finaliza-la-primera-fase-de-los-estudios-geotecnicos-de-campo-de-la-futura-central-hidroelectrica-reversible-de-la-baells","status":"publish","type":"post","link":"https:\/\/labaells.cat\/es\/finaliza-la-primera-fase-de-los-estudios-geotecnicos-de-campo-de-la-futura-central-hidroelectrica-reversible-de-la-baells\/","title":{"rendered":"Finaliza la primera fase de los estudios geot\u00e9cnicos de campo de la futura central hidroel\u00e9ctrica reversible de la Baells"},"content":{"rendered":"<p><span style=\"color: #66b0d1;\"><em>Es una actuaci\u00f3n imprescindible para verificar la estabilidad del terreno, para la construcci\u00f3n e implantaci\u00f3n de esta infraestructura y poder evaluar los posibles riesgos y, si es necesario, incorporar medidas adicionales antes de las obras.<\/em><\/span><\/p>\n<p>&nbsp;<\/p>\n<p><span style=\"color: #66b0d1;\"><em> La intervenci\u00f3n se realiza en dos fases: una primera con t\u00e9cnicas superficiales no invasivas y una segunda con sondeos a m\u00e1s de 100 metros de profundidad.<\/em><\/span><\/p>\n<p><span style=\"color: #66b0d1;\"><em> <\/em><\/span><\/p>\n<p><span style=\"color: #66b0d1;\"><em>Los estudios consolidar\u00e1n la base t\u00e9cnica necesaria para garantizar la seguridad de la infraestructura y su adaptaci\u00f3n al terreno.<\/em><\/span><\/p>\n<p><strong> <\/strong><\/p>\n<p>Agosto de 2026<\/p>\n<p>El proyecto de la futura central hidroel\u00e9ctrica reversible de la Baells ha completado la primera fase de sus investigaciones geot\u00e9cnicas de campo. Esta actuaci\u00f3n es clave y permitir\u00e1 un mayor conocimiento sobre la geolog\u00eda del emplazamiento y, de esta manera, asegurar que el dise\u00f1o de las infraestructuras del proyecto se adapte de forma segura y \u00f3ptima a las caracter\u00edsticas reales del terreno donde se implantar\u00e1. <\/p>\n<p>Esta campa\u00f1a geot\u00e9cnica, que constituye una fase habitual e imprescindible en proyectos de esta naturaleza, permitir\u00e1 verificar, con ensayos espec\u00edficos, la estabilidad de los terrenos, evaluar los posibles riesgos y, en su caso, incorporar las medidas adicionales necesarias antes del inicio de las obras principales.<\/p>\n<p>La viabilidad de la futura central ya ha sido demostrada con los <strong>estudios preliminares del terreno<\/strong>, bas\u00e1ndose en la <strong>informaci\u00f3n geol\u00f3gica<\/strong> disponible. No obstante, esta <strong>campa\u00f1a geot\u00e9cnica de campo<\/strong> permitir\u00e1 que el proyecto avance alineado con los principios de prevenci\u00f3n, seguridad y responsabilidad t\u00e9cnica que rigen esta infraestructura estrat\u00e9gica. <\/p>\n<p>&nbsp;<\/p>\n<p><strong><span style=\"color: #004b93;\">Un estudio exhaustivo y planificado en dos fases<\/span> <\/strong><\/p>\n<p>La investigaci\u00f3n geot\u00e9cnica se est\u00e1 llevando a cabo en dos fases complementarias y con un enfoque progresivo que permita obtener informaci\u00f3n cada vez m\u00e1s detallada y contrastada del subsuelo. La primera fase se centrar\u00e1 en t\u00e9cnicas de investigaci\u00f3n no invasivas y de alcance superficial, como calicatas y m\u00e9todos geof\u00edsicos (s\u00edsmica y tomograf\u00edas el\u00e9ctricas). <\/p>\n<p>Estos trabajos dar\u00e1n informaci\u00f3n sobre la disposici\u00f3n general de los materiales, su continuidad en profundidad y la presencia de posibles singularidades geol\u00f3gicas, tanto en la zona del dep\u00f3sito superior como en el \u00e1mbito del circuito hidr\u00e1ulico y la futura central en pozo. Una vez analizados estos resultados, se desarrollar\u00e1 la segunda fase, que incluir\u00e1 sondeos mec\u00e1nicos profundos, algunos de m\u00e1s de 100 metros de profundidad, ensayos \u201cin situ\u201d y ensayos de laboratorio especializados. <\/p>\n<p>Esta segunda fase permitir\u00e1 caracterizar con gran precisi\u00f3n la resistencia, permeabilidad y comportamiento mec\u00e1nico de los diferentes materiales, proporcionando la base t\u00e9cnica definitiva para el dise\u00f1o constructivo y las medidas de seguridad de la obra. Se prev\u00e9 disponer de los resultados de la primera fase este oto\u00f1o; a partir de este momento, se comenzar\u00e1n las verificaciones y se planificar\u00e1n los trabajos de la segunda fase. <\/p>\n<p>&nbsp;<\/p>\n<p><strong><span style=\"color: #004b93;\">Compromiso local y colaboraci\u00f3n con empresas del territorio<\/span> <\/strong><\/p>\n<p>El inicio de estas actuaciones responde tambi\u00e9n a la voluntad de los promotores de atender, con transparencia y rigor t\u00e9cnico, las inquietudes manifestadas durante el proceso de informaci\u00f3n p\u00fablica.<\/p>\n<p>La realizaci\u00f3n de los trabajos contar\u00e1 con empresas de apoyo y servicios auxiliares del territorio, favoreciendo as\u00ed la participaci\u00f3n del tejido econ\u00f3mico del entorno y contribuyendo a la generaci\u00f3n de actividad durante esta fase del proyecto. Para estos primeros trabajos, se contar\u00e1 con Pyry Forestal S.L. (Alt Urgell) para los trabajos forestales previos y con Grup Vil\u00e0 S.L. (Bages) para la ejecuci\u00f3n de calicatas. <\/p>\n<p>Asimismo, todas las actuaciones se desarrollar\u00e1n bajo estrictos criterios de protecci\u00f3n ambiental, contemplando la restauraci\u00f3n de los accesos y plataformas temporales una vez finalizados los trabajos, con el objetivo de minimizar cualquier afectaci\u00f3n en la zona.<\/p>\n<p>&nbsp;<\/p>\n<p><strong><span style=\"color: #004b93;\">Un paso decisivo para el proyecto<\/span> <\/strong><\/p>\n<p>El comienzo de la campa\u00f1a geot\u00e9cnica de campo supone un avance para el futuro proyecto, que evoluciona desde la planificaci\u00f3n hacia un conocimiento s\u00f3lido del terreno, imprescindible para garantizar una ejecuci\u00f3n segura, eficiente y respetuosa con el entorno.<\/p>\n<p>Los resultados de estos estudios ser\u00e1n integrados en la documentaci\u00f3n t\u00e9cnica del proyecto y servir\u00e1n de base para las siguientes etapas administrativas y constructivas, reforzando la solidez y la fiabilidad del conjunto de la actuaci\u00f3n.<\/p>\n<p>El proyecto de central hidroel\u00e9ctrica reversible de la Baells tiene una capacidad prevista de 512 MW y potencial para abastecer el equivalente a 475.000 hogares. Los promotores prev\u00e9n que, una vez completado el proceso administrativo, la construcci\u00f3n comience en 2028 y entre en servicio en 2033. <\/p>\n<p><strong> <\/strong><\/p>\n<p><strong><span style=\"color: #004b93;\">Programa de inversiones sociales<\/span> <\/strong><\/p>\n<p>Las empresas promotoras se han comprometido a llevar a cabo un programa de inversiones sociales, que se desarrollar\u00e1 a lo largo de toda la vida \u00fatil de la central y que incluye medidas orientadas a mejorar la calidad de vida de los vecinos y a fomentar el desarrollo de la comarca del Bergued\u00e0.<\/p>\n<p>Entre las iniciativas propuestas por los promotores, destacan la bonificaci\u00f3n energ\u00e9tica, con reducciones de hasta el 40% en la factura de la luz para todas las personas empadronadas en Cercs, la Nou y Vilada, as\u00ed como la creaci\u00f3n de un fondo de 45 becas anuales para estudios universitarios y de formaci\u00f3n profesional, complementado con servicios de refuerzo escolar. Asimismo, el plan propuesto refuerza la atenci\u00f3n a la tercera edad en Vilada mediante la contrataci\u00f3n de trabajadores sociales para el acompa\u00f1amiento de las personas mayores. <\/p>\n<p>En cuanto a la mejora de las infraestructuras municipales, el compromiso de las empresas promotoras se traducir\u00e1 en actuaciones como la modernizaci\u00f3n del sistema de captaci\u00f3n de agua y la pavimentaci\u00f3n de calles en la Nou, el asfaltado de v\u00edas en Vilada junto con la rehabilitaci\u00f3n de la antigua fonda Bellavista para su uso como vivienda social. Por su parte, Cercs recibir\u00e1 apoyo t\u00e9cnico y econ\u00f3mico para desatascar la demolici\u00f3n de la antigua central t\u00e9rmica, una asignatura pendiente en la comarca. <\/p>\n<p>Todo ello se suma al impacto laboral del proyecto de la Baells, que dinamizar\u00e1 el empleo local con la creaci\u00f3n de unos 500 puestos de trabajo directos y 1.200 indirectos durante su construcci\u00f3n y 30 puestos de trabajo fijos permanentes en la fase de operaci\u00f3n. Se dar\u00e1 prioridad a trabajadores cualificados y empresas del Bergued\u00e0. <\/p>\n<p>&nbsp;<\/p>\n<p><span style=\"color: #004b93;\"><strong>Sobre La Baells<\/strong><\/span><\/p>\n<p>La Baells es un proyecto de central hidroel\u00e9ctrica reversible impulsado por Verbund y E-storagy &#8211; spin-off de Capital Energy- en los municipios de Cercs, la Nou de Bergued\u00e0 y Vilada.<\/p>\n<p>La Baells tiene una capacidad prevista de 512 MW y potencial para abastecer el equivalente a 475.000 hogares. Los promotores prev\u00e9n que, una vez completado el proceso administrativo, la construcci\u00f3n comience en 2028 y entre en servicio en 2033. <\/p>\n<p>Verbund y E-storagy se han comprometido a llevar a cabo un programa de inversiones sociales, que se desarrollar\u00e1 a lo largo de toda la vida \u00fatil de la central y que incluye medidas orientadas a mejorar la calidad de vida de los vecinos y a fomentar el desarrollo del Bergued\u00e0.<\/p>\n","protected":false},"excerpt":{"rendered":"<p>Es una actuaci\u00f3n imprescindible para verificar la estabilidad del terreno, para la construcci\u00f3n e implantaci\u00f3n de esta infraestructura y poder evaluar los posibles riesgos y, si es necesario, incorporar medidas adicionales antes de las obras. &nbsp; La intervenci\u00f3n se realiza en dos fases: una primera con t\u00e9cnicas superficiales no invasivas y una segunda con sondeos [&hellip;]<\/p>\n","protected":false},"author":1,"featured_media":2622,"comment_status":"closed","ping_status":"open","sticky":false,"template":"","format":"standard","meta":{"footnotes":"","_members_access_role":[],"_members_access_error":""},"categories":[15],"tags":[],"class_list":["post-2621","post","type-post","status-publish","format-standard","has-post-thumbnail","hentry","category-sin-categoria"],"yoast_head":"<!-- This site is optimized with the Yoast SEO plugin v28.4 - https:\/\/yoast.com\/product\/yoast-seo-wordpress\/ -->\n<title>Finaliza la primera fase de los estudios geot\u00e9cnicos de campo de la futura central hidroel\u00e9ctrica reversible de la Baells - La Baells<\/title>\n<meta name=\"robots\" content=\"index, follow, max-snippet:-1, max-image-preview:large, max-video-preview:-1\" \/>\n<link rel=\"canonical\" href=\"https:\/\/labaells.cat\/es\/finaliza-la-primera-fase-de-los-estudios-geotecnicos-de-campo-de-la-futura-central-hidroelectrica-reversible-de-la-baells\/\" \/>\n<meta property=\"og:locale\" content=\"es_ES\" \/>\n<meta property=\"og:type\" content=\"article\" \/>\n<meta property=\"og:title\" content=\"Finaliza la primera fase de los estudios geot\u00e9cnicos de campo de la futura central hidroel\u00e9ctrica reversible de la Baells - La Baells\" \/>\n<meta property=\"og:description\" content=\"Es una actuaci\u00f3n imprescindible para verificar la estabilidad del terreno, para la construcci\u00f3n e implantaci\u00f3n de esta infraestructura y poder evaluar los posibles riesgos y, si es necesario, incorporar medidas adicionales antes de las obras. &nbsp; La intervenci\u00f3n se realiza en dos fases: una primera con t\u00e9cnicas superficiales no invasivas y una segunda con sondeos [&hellip;]\" \/>\n<meta property=\"og:url\" content=\"https:\/\/labaells.cat\/es\/finaliza-la-primera-fase-de-los-estudios-geotecnicos-de-campo-de-la-futura-central-hidroelectrica-reversible-de-la-baells\/\" \/>\n<meta property=\"og:site_name\" content=\"La Baells\" \/>\n<meta property=\"article:published_time\" content=\"2026-08-11T08:36:39+00:00\" \/>\n<meta property=\"og:image\" content=\"https:\/\/labaells.cat\/wp-content\/uploads\/2026\/08\/labaells_stills_5-1-1024x577.png\" \/>\n\t<meta property=\"og:image:width\" content=\"1024\" \/>\n\t<meta property=\"og:image:height\" content=\"577\" \/>\n\t<meta property=\"og:image:type\" content=\"image\/png\" \/>\n<meta name=\"author\" content=\"admin\" \/>\n<meta name=\"twitter:card\" content=\"summary_large_image\" \/>\n<meta name=\"twitter:label1\" content=\"Escrito por\" \/>\n\t<meta name=\"twitter:data1\" content=\"admin\" \/>\n\t<meta name=\"twitter:label2\" content=\"Tiempo de lectura\" \/>\n\t<meta name=\"twitter:data2\" content=\"6 minutos\" \/>\n<script type=\"application\/ld+json\" class=\"yoast-schema-graph\">{\"@context\":\"https:\\\/\\\/schema.org\",\"@graph\":[{\"@type\":\"Article\",\"@id\":\"https:\\\/\\\/labaells.cat\\\/es\\\/finaliza-la-primera-fase-de-los-estudios-geotecnicos-de-campo-de-la-futura-central-hidroelectrica-reversible-de-la-baells\\\/#article\",\"isPartOf\":{\"@id\":\"https:\\\/\\\/labaells.cat\\\/es\\\/finaliza-la-primera-fase-de-los-estudios-geotecnicos-de-campo-de-la-futura-central-hidroelectrica-reversible-de-la-baells\\\/\"},\"author\":{\"name\":\"admin\",\"@id\":\"https:\\\/\\\/labaells.cat\\\/es\\\/#\\\/schema\\\/person\\\/4aaa396472df0c2e7d5cd00ef6beda65\"},\"headline\":\"Finaliza la primera fase de los estudios geot\u00e9cnicos de campo de la futura central hidroel\u00e9ctrica reversible de la Baells\",\"datePublished\":\"2026-08-11T08:36:39+00:00\",\"mainEntityOfPage\":{\"@id\":\"https:\\\/\\\/labaells.cat\\\/es\\\/finaliza-la-primera-fase-de-los-estudios-geotecnicos-de-campo-de-la-futura-central-hidroelectrica-reversible-de-la-baells\\\/\"},\"wordCount\":1215,\"publisher\":{\"@id\":\"https:\\\/\\\/labaells.cat\\\/es\\\/#organization\"},\"image\":{\"@id\":\"https:\\\/\\\/labaells.cat\\\/es\\\/finaliza-la-primera-fase-de-los-estudios-geotecnicos-de-campo-de-la-futura-central-hidroelectrica-reversible-de-la-baells\\\/#primaryimage\"},\"thumbnailUrl\":\"https:\\\/\\\/labaells.cat\\\/wp-content\\\/uploads\\\/2026\\\/08\\\/labaells_stills_5-1-scaled.png\",\"inLanguage\":\"es\"},{\"@type\":\"WebPage\",\"@id\":\"https:\\\/\\\/labaells.cat\\\/es\\\/finaliza-la-primera-fase-de-los-estudios-geotecnicos-de-campo-de-la-futura-central-hidroelectrica-reversible-de-la-baells\\\/\",\"url\":\"https:\\\/\\\/labaells.cat\\\/es\\\/finaliza-la-primera-fase-de-los-estudios-geotecnicos-de-campo-de-la-futura-central-hidroelectrica-reversible-de-la-baells\\\/\",\"name\":\"Finaliza la primera fase de los estudios geot\u00e9cnicos de campo de la futura central hidroel\u00e9ctrica reversible de la Baells - La Baells\",\"isPartOf\":{\"@id\":\"https:\\\/\\\/labaells.cat\\\/es\\\/#website\"},\"primaryImageOfPage\":{\"@id\":\"https:\\\/\\\/labaells.cat\\\/es\\\/finaliza-la-primera-fase-de-los-estudios-geotecnicos-de-campo-de-la-futura-central-hidroelectrica-reversible-de-la-baells\\\/#primaryimage\"},\"image\":{\"@id\":\"https:\\\/\\\/labaells.cat\\\/es\\\/finaliza-la-primera-fase-de-los-estudios-geotecnicos-de-campo-de-la-futura-central-hidroelectrica-reversible-de-la-baells\\\/#primaryimage\"},\"thumbnailUrl\":\"https:\\\/\\\/labaells.cat\\\/wp-content\\\/uploads\\\/2026\\\/08\\\/labaells_stills_5-1-scaled.png\",\"datePublished\":\"2026-08-11T08:36:39+00:00\",\"breadcrumb\":{\"@id\":\"https:\\\/\\\/labaells.cat\\\/es\\\/finaliza-la-primera-fase-de-los-estudios-geotecnicos-de-campo-de-la-futura-central-hidroelectrica-reversible-de-la-baells\\\/#breadcrumb\"},\"inLanguage\":\"es\",\"potentialAction\":[{\"@type\":\"ReadAction\",\"target\":[\"https:\\\/\\\/labaells.cat\\\/es\\\/finaliza-la-primera-fase-de-los-estudios-geotecnicos-de-campo-de-la-futura-central-hidroelectrica-reversible-de-la-baells\\\/\"]}]},{\"@type\":\"ImageObject\",\"inLanguage\":\"es\",\"@id\":\"https:\\\/\\\/labaells.cat\\\/es\\\/finaliza-la-primera-fase-de-los-estudios-geotecnicos-de-campo-de-la-futura-central-hidroelectrica-reversible-de-la-baells\\\/#primaryimage\",\"url\":\"https:\\\/\\\/labaells.cat\\\/wp-content\\\/uploads\\\/2026\\\/08\\\/labaells_stills_5-1-scaled.png\",\"contentUrl\":\"https:\\\/\\\/labaells.cat\\\/wp-content\\\/uploads\\\/2026\\\/08\\\/labaells_stills_5-1-scaled.png\",\"width\":2560,\"height\":1443},{\"@type\":\"BreadcrumbList\",\"@id\":\"https:\\\/\\\/labaells.cat\\\/es\\\/finaliza-la-primera-fase-de-los-estudios-geotecnicos-de-campo-de-la-futura-central-hidroelectrica-reversible-de-la-baells\\\/#breadcrumb\",\"itemListElement\":[{\"@type\":\"ListItem\",\"position\":1,\"name\":\"Inici\",\"item\":\"https:\\\/\\\/labaells.cat\\\/es\\\/\"},{\"@type\":\"ListItem\",\"position\":2,\"name\":\"Finaliza la primera fase de los estudios geot\u00e9cnicos de campo de la futura central hidroel\u00e9ctrica reversible de la Baells\"}]},{\"@type\":\"WebSite\",\"@id\":\"https:\\\/\\\/labaells.cat\\\/es\\\/#website\",\"url\":\"https:\\\/\\\/labaells.cat\\\/es\\\/\",\"name\":\"La Baells\",\"description\":\"central hidroel\u00e8ctrica reversibre\",\"publisher\":{\"@id\":\"https:\\\/\\\/labaells.cat\\\/es\\\/#organization\"},\"potentialAction\":[{\"@type\":\"SearchAction\",\"target\":{\"@type\":\"EntryPoint\",\"urlTemplate\":\"https:\\\/\\\/labaells.cat\\\/es\\\/?s={search_term_string}\"},\"query-input\":{\"@type\":\"PropertyValueSpecification\",\"valueRequired\":true,\"valueName\":\"search_term_string\"}}],\"inLanguage\":\"es\"},{\"@type\":\"Organization\",\"@id\":\"https:\\\/\\\/labaells.cat\\\/es\\\/#organization\",\"name\":\"La Baells\",\"url\":\"https:\\\/\\\/labaells.cat\\\/es\\\/\",\"logo\":{\"@type\":\"ImageObject\",\"inLanguage\":\"es\",\"@id\":\"https:\\\/\\\/labaells.cat\\\/es\\\/#\\\/schema\\\/logo\\\/image\\\/\",\"url\":\"https:\\\/\\\/labaells.cat\\\/wp-content\\\/uploads\\\/2025\\\/09\\\/Logo-La-Baells-Blanc.png\",\"contentUrl\":\"https:\\\/\\\/labaells.cat\\\/wp-content\\\/uploads\\\/2025\\\/09\\\/Logo-La-Baells-Blanc.png\",\"width\":2447,\"height\":701,\"caption\":\"La Baells\"},\"image\":{\"@id\":\"https:\\\/\\\/labaells.cat\\\/es\\\/#\\\/schema\\\/logo\\\/image\\\/\"}},{\"@type\":\"Person\",\"@id\":\"https:\\\/\\\/labaells.cat\\\/es\\\/#\\\/schema\\\/person\\\/4aaa396472df0c2e7d5cd00ef6beda65\",\"name\":\"admin\",\"image\":{\"@type\":\"ImageObject\",\"inLanguage\":\"es\",\"@id\":\"https:\\\/\\\/secure.gravatar.com\\\/avatar\\\/39e05f18a733b50727e6ee180397a3b2467222ea25524f0efe6452d10ef52461?s=96&d=mm&r=g\",\"url\":\"https:\\\/\\\/secure.gravatar.com\\\/avatar\\\/39e05f18a733b50727e6ee180397a3b2467222ea25524f0efe6452d10ef52461?s=96&d=mm&r=g\",\"contentUrl\":\"https:\\\/\\\/secure.gravatar.com\\\/avatar\\\/39e05f18a733b50727e6ee180397a3b2467222ea25524f0efe6452d10ef52461?s=96&d=mm&r=g\",\"caption\":\"admin\"},\"sameAs\":[\"http:\\\/\\\/labaells.cat\"],\"url\":\"https:\\\/\\\/labaells.cat\\\/es\\\/author\\\/admin\\\/\"}]}<\/script>\n<!-- \/ Yoast SEO plugin. -->","yoast_head_json":{"title":"Finaliza la primera fase de los estudios geot\u00e9cnicos de campo de la futura central hidroel\u00e9ctrica reversible de la Baells - La Baells","robots":{"index":"index","follow":"follow","max-snippet":"max-snippet:-1","max-image-preview":"max-image-preview:large","max-video-preview":"max-video-preview:-1"},"canonical":"https:\/\/labaells.cat\/es\/finaliza-la-primera-fase-de-los-estudios-geotecnicos-de-campo-de-la-futura-central-hidroelectrica-reversible-de-la-baells\/","og_locale":"es_ES","og_type":"article","og_title":"Finaliza la primera fase de los estudios geot\u00e9cnicos de campo de la futura central hidroel\u00e9ctrica reversible de la Baells - La Baells","og_description":"Es una actuaci\u00f3n imprescindible para verificar la estabilidad del terreno, para la construcci\u00f3n e implantaci\u00f3n de esta infraestructura y poder evaluar los posibles riesgos y, si es necesario, incorporar medidas adicionales antes de las obras. &nbsp; La intervenci\u00f3n se realiza en dos fases: una primera con t\u00e9cnicas superficiales no invasivas y una segunda con sondeos [&hellip;]","og_url":"https:\/\/labaells.cat\/es\/finaliza-la-primera-fase-de-los-estudios-geotecnicos-de-campo-de-la-futura-central-hidroelectrica-reversible-de-la-baells\/","og_site_name":"La Baells","article_published_time":"2026-08-11T08:36:39+00:00","og_image":[{"width":1024,"height":577,"url":"https:\/\/labaells.cat\/wp-content\/uploads\/2026\/08\/labaells_stills_5-1-1024x577.png","type":"image\/png"}],"author":"admin","twitter_card":"summary_large_image","twitter_misc":{"Escrito por":"admin","Tiempo de lectura":"6 minutos"},"schema":{"@context":"https:\/\/schema.org","@graph":[{"@type":"Article","@id":"https:\/\/labaells.cat\/es\/finaliza-la-primera-fase-de-los-estudios-geotecnicos-de-campo-de-la-futura-central-hidroelectrica-reversible-de-la-baells\/#article","isPartOf":{"@id":"https:\/\/labaells.cat\/es\/finaliza-la-primera-fase-de-los-estudios-geotecnicos-de-campo-de-la-futura-central-hidroelectrica-reversible-de-la-baells\/"},"author":{"name":"admin","@id":"https:\/\/labaells.cat\/es\/#\/schema\/person\/4aaa396472df0c2e7d5cd00ef6beda65"},"headline":"Finaliza la primera fase de los estudios geot\u00e9cnicos de campo de la futura central hidroel\u00e9ctrica reversible de la Baells","datePublished":"2026-08-11T08:36:39+00:00","mainEntityOfPage":{"@id":"https:\/\/labaells.cat\/es\/finaliza-la-primera-fase-de-los-estudios-geotecnicos-de-campo-de-la-futura-central-hidroelectrica-reversible-de-la-baells\/"},"wordCount":1215,"publisher":{"@id":"https:\/\/labaells.cat\/es\/#organization"},"image":{"@id":"https:\/\/labaells.cat\/es\/finaliza-la-primera-fase-de-los-estudios-geotecnicos-de-campo-de-la-futura-central-hidroelectrica-reversible-de-la-baells\/#primaryimage"},"thumbnailUrl":"https:\/\/labaells.cat\/wp-content\/uploads\/2026\/08\/labaells_stills_5-1-scaled.png","inLanguage":"es"},{"@type":"WebPage","@id":"https:\/\/labaells.cat\/es\/finaliza-la-primera-fase-de-los-estudios-geotecnicos-de-campo-de-la-futura-central-hidroelectrica-reversible-de-la-baells\/","url":"https:\/\/labaells.cat\/es\/finaliza-la-primera-fase-de-los-estudios-geotecnicos-de-campo-de-la-futura-central-hidroelectrica-reversible-de-la-baells\/","name":"Finaliza la primera fase de los estudios geot\u00e9cnicos de campo de la futura central hidroel\u00e9ctrica reversible de la Baells - La Baells","isPartOf":{"@id":"https:\/\/labaells.cat\/es\/#website"},"primaryImageOfPage":{"@id":"https:\/\/labaells.cat\/es\/finaliza-la-primera-fase-de-los-estudios-geotecnicos-de-campo-de-la-futura-central-hidroelectrica-reversible-de-la-baells\/#primaryimage"},"image":{"@id":"https:\/\/labaells.cat\/es\/finaliza-la-primera-fase-de-los-estudios-geotecnicos-de-campo-de-la-futura-central-hidroelectrica-reversible-de-la-baells\/#primaryimage"},"thumbnailUrl":"https:\/\/labaells.cat\/wp-content\/uploads\/2026\/08\/labaells_stills_5-1-scaled.png","datePublished":"2026-08-11T08:36:39+00:00","breadcrumb":{"@id":"https:\/\/labaells.cat\/es\/finaliza-la-primera-fase-de-los-estudios-geotecnicos-de-campo-de-la-futura-central-hidroelectrica-reversible-de-la-baells\/#breadcrumb"},"inLanguage":"es","potentialAction":[{"@type":"ReadAction","target":["https:\/\/labaells.cat\/es\/finaliza-la-primera-fase-de-los-estudios-geotecnicos-de-campo-de-la-futura-central-hidroelectrica-reversible-de-la-baells\/"]}]},{"@type":"ImageObject","inLanguage":"es","@id":"https:\/\/labaells.cat\/es\/finaliza-la-primera-fase-de-los-estudios-geotecnicos-de-campo-de-la-futura-central-hidroelectrica-reversible-de-la-baells\/#primaryimage","url":"https:\/\/labaells.cat\/wp-content\/uploads\/2026\/08\/labaells_stills_5-1-scaled.png","contentUrl":"https:\/\/labaells.cat\/wp-content\/uploads\/2026\/08\/labaells_stills_5-1-scaled.png","width":2560,"height":1443},{"@type":"BreadcrumbList","@id":"https:\/\/labaells.cat\/es\/finaliza-la-primera-fase-de-los-estudios-geotecnicos-de-campo-de-la-futura-central-hidroelectrica-reversible-de-la-baells\/#breadcrumb","itemListElement":[{"@type":"ListItem","position":1,"name":"Inici","item":"https:\/\/labaells.cat\/es\/"},{"@type":"ListItem","position":2,"name":"Finaliza la primera fase de los estudios geot\u00e9cnicos de campo de la futura central hidroel\u00e9ctrica reversible de la Baells"}]},{"@type":"WebSite","@id":"https:\/\/labaells.cat\/es\/#website","url":"https:\/\/labaells.cat\/es\/","name":"La Baells","description":"central hidroel\u00e8ctrica reversibre","publisher":{"@id":"https:\/\/labaells.cat\/es\/#organization"},"potentialAction":[{"@type":"SearchAction","target":{"@type":"EntryPoint","urlTemplate":"https:\/\/labaells.cat\/es\/?s={search_term_string}"},"query-input":{"@type":"PropertyValueSpecification","valueRequired":true,"valueName":"search_term_string"}}],"inLanguage":"es"},{"@type":"Organization","@id":"https:\/\/labaells.cat\/es\/#organization","name":"La Baells","url":"https:\/\/labaells.cat\/es\/","logo":{"@type":"ImageObject","inLanguage":"es","@id":"https:\/\/labaells.cat\/es\/#\/schema\/logo\/image\/","url":"https:\/\/labaells.cat\/wp-content\/uploads\/2025\/09\/Logo-La-Baells-Blanc.png","contentUrl":"https:\/\/labaells.cat\/wp-content\/uploads\/2025\/09\/Logo-La-Baells-Blanc.png","width":2447,"height":701,"caption":"La Baells"},"image":{"@id":"https:\/\/labaells.cat\/es\/#\/schema\/logo\/image\/"}},{"@type":"Person","@id":"https:\/\/labaells.cat\/es\/#\/schema\/person\/4aaa396472df0c2e7d5cd00ef6beda65","name":"admin","image":{"@type":"ImageObject","inLanguage":"es","@id":"https:\/\/secure.gravatar.com\/avatar\/39e05f18a733b50727e6ee180397a3b2467222ea25524f0efe6452d10ef52461?s=96&d=mm&r=g","url":"https:\/\/secure.gravatar.com\/avatar\/39e05f18a733b50727e6ee180397a3b2467222ea25524f0efe6452d10ef52461?s=96&d=mm&r=g","contentUrl":"https:\/\/secure.gravatar.com\/avatar\/39e05f18a733b50727e6ee180397a3b2467222ea25524f0efe6452d10ef52461?s=96&d=mm&r=g","caption":"admin"},"sameAs":["http:\/\/labaells.cat"],"url":"https:\/\/labaells.cat\/es\/author\/admin\/"}]}},"_links":{"self":[{"href":"https:\/\/labaells.cat\/es\/wp-json\/wp\/v2\/posts\/2621","targetHints":{"allow":["GET"]}}],"collection":[{"href":"https:\/\/labaells.cat\/es\/wp-json\/wp\/v2\/posts"}],"about":[{"href":"https:\/\/labaells.cat\/es\/wp-json\/wp\/v2\/types\/post"}],"author":[{"embeddable":true,"href":"https:\/\/labaells.cat\/es\/wp-json\/wp\/v2\/users\/1"}],"replies":[{"embeddable":true,"href":"https:\/\/labaells.cat\/es\/wp-json\/wp\/v2\/comments?post=2621"}],"version-history":[{"count":0,"href":"https:\/\/labaells.cat\/es\/wp-json\/wp\/v2\/posts\/2621\/revisions"}],"wp:featuredmedia":[{"embeddable":true,"href":"https:\/\/labaells.cat\/es\/wp-json\/wp\/v2\/media\/2622"}],"wp:attachment":[{"href":"https:\/\/labaells.cat\/es\/wp-json\/wp\/v2\/media?parent=2621"}],"wp:term":[{"taxonomy":"category","embeddable":true,"href":"https:\/\/labaells.cat\/es\/wp-json\/wp\/v2\/categories?post=2621"},{"taxonomy":"post_tag","embeddable":true,"href":"https:\/\/labaells.cat\/es\/wp-json\/wp\/v2\/tags?post=2621"}],"curies":[{"name":"wp","href":"https:\/\/api.w.org\/{rel}","templated":true}]}}